{"id":18888,"date":"2024-04-22T10:24:31","date_gmt":"2024-04-22T08:24:31","guid":{"rendered":"https:\/\/frv.com\/?p=18888"},"modified":"2024-04-22T10:25:00","modified_gmt":"2024-04-22T08:25:00","slug":"frv-and-ie-foundation-scholarships-program-reaches-its-eleventh-edition","status":"publish","type":"post","link":"https:\/\/frv.com\/en\/frv-and-ie-foundation-scholarships-program-reaches-its-eleventh-edition\/","title":{"rendered":"The FRV and IE Foundation Scholarships Program reaches its eleventh edition, awarding one more year this scholarship to an outstanding student from Extremadura"},"content":{"rendered":"<p><\/p>\n<ul>\n<li>The Young Talented Leaders program, sponsored together with IE Foundation, offers a scholarship to outstanding students from the regions where FRV projects are developed.<\/li>\n<li>After 11 editions of this program, FRV will cover one year more all the expenses of a student from Extremadura to study a four-year degree at IE University.<\/li>\n<li>The scholarship covers all training and educational expenses, including tuition and support for housing, academic materials, and living expenses during the four years of the degree program.<\/li>\n<\/ul>\n<p><strong>&nbsp;<\/strong><\/p>\n<p><strong>&nbsp;<\/strong><\/p>\n<p><strong>Madrid, 22<sup>nd<\/sup> April. 2024<\/strong><\/p>\n<p><a href=\"https:\/\/frv.com\/en\">Fotowatio Renewable Ventures<\/a> (FRV), part of <a href=\"https:\/\/alj.com\/energy\">Abdul Latif Jameel Energy<\/a> and one of the world&#8217;s leading renewable energy companies collaborates with IE Foundation through the Young Talented Leaders program to offer a scholarship to an outstanding student for each of the projects it has been developing at the rate of one student per academic year for the last 11 years. On this occasion, the scholarship, linked to the Carmonita Ministerio project -currently under construction and which will reach a total capacity of 477 MWp-, will be awarded to a brilliant student from Extremadura, covering all the expenses to study a four-year degree at IE University, including living expenses and tuition.<\/p>\n<p>The Young Talent Leaders program is jointly sponsored by the IE Foundation and FRV with the objective of enabling outstanding students with high personal and academic performance to study at IE University. The admissions process includes a 500-word essay reflecting the reasons why the candidate stands out and why they are applying for the scholarship. The selection criteria are based on the candidate&#8217;s demonstration of high academic performance and potential, in addition to meeting the other established criteria.<\/p>\n<p>The scholarship covers training and educational expenses, including tuition, and support for living expenses during the four years of the degree program.<\/p>\n<p>In this way, FRV ensures that bright students from diverse geographic locations and cultural, economic and professional backgrounds have the opportunity to access world-class education and professional development, thus contributingto driving positive social change by supporting the advancement of education in the area, in this case Extremadura, where Carmonita Ministerio is located. This solar plant located in the province of Badajoz belongs to the Carmonita node (to which the Norte, Sur and IV projects also belong), making up one of the largest photovoltaic complexes in Spain.<\/p>\n<p>&nbsp;<\/p>\n                <div class=\"sh-quote\">\n                    <div class=\"sh-quote-content\">\n                        We believe that sharing success is a business imperative, and this philosophy has led us to collaborate with the Fundaci\u00f3n IE through the Young Talented Leaders scholarship program. This allows us, in turn, to drive positive social change by supporting education in the communities where we are present, consolidating our commitment to regions such as Extremadura                    <\/div>\n                                            <div class=\"sh-quote-name\">\n                            Daniel Sagi-Vela                        <\/div>\n                                                                <div class=\"sh-quote-position\">\n                             CEO of FRV                        <\/div>\n                                    <\/div>\n            \n<p>&nbsp;<\/p>\n                <div class=\"sh-quote\">\n                    <div class=\"sh-quote-content\">\n                        It is a pleasure to have reached the eleventh edition of the FRV scholarships, which allow extraordinary students to cover all the costs of their education at IE University. As both parties have seen over the years, these scholarships bring about a real transformation in the lives of these brilliant young people, while having a positive impact on the aresa from where they come. For this reason, at IE Foundation we are very grateful to FRV and very happy to be able to renew this scholarship once again.                    <\/div>\n                                            <div class=\"sh-quote-name\">\n                            Gonzalo Garland                        <\/div>\n                                                                <div class=\"sh-quote-position\">\n                            Executive Vice President of IE Foundation                         <\/div>\n                                    <\/div>\n            \n<p>&nbsp;<\/p>\n<p><img decoding=\"async\" class=\"sh-imagefull aligncenter wp-image-18889 size-full\" src=\"https:\/\/frv.com\/wp-content\/uploads\/2024\/04\/Young-Talented-Leaders-Scholarship-e1713774227753.jpg\" alt=\"\" width=\"1835\" height=\"1171\" srcset=\"https:\/\/frv.com\/wp-content\/uploads\/2024\/04\/Young-Talented-Leaders-Scholarship-e1713774227753.jpg 1835w, https:\/\/frv.com\/wp-content\/uploads\/2024\/04\/Young-Talented-Leaders-Scholarship-e1713774227753-300x191.jpg 300w, https:\/\/frv.com\/wp-content\/uploads\/2024\/04\/Young-Talented-Leaders-Scholarship-e1713774227753-1024x653.jpg 1024w, https:\/\/frv.com\/wp-content\/uploads\/2024\/04\/Young-Talented-Leaders-Scholarship-e1713774227753-768x490.jpg 768w, https:\/\/frv.com\/wp-content\/uploads\/2024\/04\/Young-Talented-Leaders-Scholarship-e1713774227753-1536x980.jpg 1536w\" sizes=\"(max-width: 1835px) 100vw, 1835px\" \/><\/p>\n<p>&nbsp;<\/p>\n<p>Students may apply fot intership here: <a href=\"https:\/\/frv.com\/en\/commitment\/frv-young-talented-leaders-scholarship\/\">FRV &#8216;Young Talented Leaders&#8217; Scholarship<\/a><\/p>\n","protected":false},"excerpt":{"rendered":"<p>The Young Talented Leaders program, sponsored together with IE Foundation, offers a scholarship to outstanding students from the regions where FRV projects are developed. After 11 editions of this program, FRV will cover one year more all the expenses of a student from Extremadura to study a four-year degree at IE University. The scholarship covers\u2026<\/p>\n","protected":false},"author":9,"featured_media":18889,"comment_status":"closed","ping_status":"open","sticky":false,"template":"","format":"standard","meta":{"_acf_changed":false,"footnotes":""},"categories":[23,4],"tags":[94],"class_list":["post-18888","post","type-post","status-publish","format-standard","has-post-thumbnail","hentry","category-beca","category-press-releases","tag-scholarship"],"acf":[],"yoast_head":"<!-- This site is optimized with the Yoast SEO plugin v26.7 - https:\/\/yoast.com\/wordpress\/plugins\/seo\/ -->\n<title>FRV and IE Foundation Scholarships Program reaches its 11th edition<\/title>\n<meta name=\"robots\" content=\"index, follow, max-snippet:-1, max-image-preview:large, max-video-preview:-1\" \/>\n<link rel=\"canonical\" href=\"https:\/\/frv.com\/en\/frv-and-ie-foundation-scholarships-program-reaches-its-eleventh-edition\/\" \/>\n<meta property=\"og:locale\" content=\"en_US\" \/>\n<meta property=\"og:type\" content=\"article\" \/>\n<meta property=\"og:title\" content=\"Students may apply fot intership here: FRV &#039;Young Talented Leaders&#039; Scholarship\" \/>\n<meta property=\"og:description\" content=\"The Young Talented Leaders program, sponsored together with IE Foundation, offers a scholarship to outstanding students from the regions where FRV projects are developed. After 11 editions of this program, FRV will cover one year more all the expenses of a student from Extremadura to study a four-year degree at IE University. The scholarship covers\u2026\" \/>\n<meta property=\"og:url\" content=\"https:\/\/frv.com\/en\/frv-and-ie-foundation-scholarships-program-reaches-its-eleventh-edition\/en\/\" \/>\n<meta property=\"og:site_name\" content=\"FRV\" \/>\n<meta property=\"article:publisher\" content=\"https:\/\/www.facebook.com\/FRV.Official\" \/>\n<meta property=\"article:published_time\" content=\"2024-04-22T08:24:31+00:00\" \/>\n<meta property=\"article:modified_time\" content=\"2024-04-22T08:25:00+00:00\" \/>\n<meta property=\"og:image\" content=\"https:\/\/frv.com\/wp-content\/uploads\/2024\/04\/Young-Talented-Leaders-Scholarship-e1713774227753.jpg\" \/>\n\t<meta property=\"og:image:width\" content=\"1835\" \/>\n\t<meta property=\"og:image:height\" content=\"1171\" \/>\n\t<meta property=\"og:image:type\" content=\"image\/jpeg\" \/>\n<meta name=\"author\" content=\"Guillermo Agull\u00f3 Beltr\u00e1n\" \/>\n<meta name=\"twitter:card\" content=\"summary_large_image\" \/>\n<meta name=\"twitter:title\" content=\"Students may apply fot intership here: FRV &#039;Young Talented Leaders&#039; Scholarship\" \/>\n<meta name=\"twitter:image\" content=\"https:\/\/frv.com\/wp-content\/uploads\/2024\/04\/Young-Talented-Leaders-Scholarship-e1713774227753.jpg\" \/>\n<meta name=\"twitter:creator\" content=\"@FotowatioRV\" \/>\n<meta name=\"twitter:site\" content=\"@FotowatioRV\" \/>\n<meta name=\"twitter:label1\" content=\"Written by\" \/>\n\t<meta name=\"twitter:data1\" content=\"Guillermo Agull\u00f3 Beltr\u00e1n\" \/>\n\t<meta name=\"twitter:label2\" content=\"Est. reading time\" \/>\n\t<meta name=\"twitter:data2\" content=\"3 minutes\" \/>\n<script type=\"application\/ld+json\" class=\"yoast-schema-graph\">{\"@context\":\"https:\/\/schema.org\",\"@graph\":[{\"@type\":\"Article\",\"@id\":\"https:\/\/frv.com\/frv-and-ie-foundation-scholarships-program-reaches-its-eleventh-edition\/#article\",\"isPartOf\":{\"@id\":\"https:\/\/frv.com\/frv-and-ie-foundation-scholarships-program-reaches-its-eleventh-edition\/\"},\"author\":{\"name\":\"Guillermo Agull\u00f3 Beltr\u00e1n\",\"@id\":\"https:\/\/frv.com\/#\/schema\/person\/cc8a0abdaae9c766e2b875c29dc3bc51\"},\"headline\":\"The FRV and IE Foundation Scholarships Program reaches its eleventh edition, awarding one more year this scholarship to an outstanding student from Extremadura\",\"datePublished\":\"2024-04-22T08:24:31+00:00\",\"dateModified\":\"2024-04-22T08:25:00+00:00\",\"mainEntityOfPage\":{\"@id\":\"https:\/\/frv.com\/frv-and-ie-foundation-scholarships-program-reaches-its-eleventh-edition\/\"},\"wordCount\":1267,\"image\":{\"@id\":\"https:\/\/frv.com\/frv-and-ie-foundation-scholarships-program-reaches-its-eleventh-edition\/#primaryimage\"},\"thumbnailUrl\":\"https:\/\/frv.com\/wp-content\/uploads\/2024\/04\/Young-Talented-Leaders-Scholarship-e1713774227753.jpg\",\"keywords\":[\"Scholarship\"],\"articleSection\":[\"Scholarship\",\"Press releases\"],\"inLanguage\":\"en-US\"},{\"@type\":\"WebPage\",\"@id\":\"https:\/\/frv.com\/en\/frv-and-ie-foundation-scholarships-program-reaches-its-eleventh-edition\/\",\"url\":\"https:\/\/frv.com\/en\/frv-and-ie-foundation-scholarships-program-reaches-its-eleventh-edition\/\",\"name\":\"FRV and IE Foundation Scholarships Program reaches its 11th edition\",\"isPartOf\":{\"@id\":\"https:\/\/frv.com\/en\/#website\"},\"primaryImageOfPage\":{\"@id\":\"https:\/\/frv.com\/en\/frv-and-ie-foundation-scholarships-program-reaches-its-eleventh-edition\/#primaryimage\"},\"image\":{\"@id\":\"https:\/\/frv.com\/frv-and-ie-foundation-scholarships-program-reaches-its-eleventh-edition\/#primaryimage\"},\"thumbnailUrl\":\"https:\/\/frv.com\/wp-content\/uploads\/2024\/04\/Young-Talented-Leaders-Scholarship-e1713774227753.jpg\",\"datePublished\":\"2024-04-22T08:24:31+00:00\",\"dateModified\":\"2024-04-22T08:25:00+00:00\",\"author\":{\"@id\":\"https:\/\/frv.com\/#\/schema\/person\/cc8a0abdaae9c766e2b875c29dc3bc51\"},\"breadcrumb\":{\"@id\":\"https:\/\/frv.com\/en\/frv-and-ie-foundation-scholarships-program-reaches-its-eleventh-edition\/#breadcrumb\"},\"inLanguage\":\"en-US\",\"potentialAction\":[{\"@type\":\"ReadAction\",\"target\":[[\"https:\/\/frv.com\/en\/frv-and-ie-foundation-scholarships-program-reaches-its-eleventh-edition\/\"]]}]},{\"@type\":\"ImageObject\",\"inLanguage\":\"en-US\",\"@id\":\"https:\/\/frv.com\/en\/frv-and-ie-foundation-scholarships-program-reaches-its-eleventh-edition\/#primaryimage\",\"url\":\"https:\/\/frv.com\/wp-content\/uploads\/2024\/04\/Young-Talented-Leaders-Scholarship-e1713774227753.jpg\",\"contentUrl\":\"https:\/\/frv.com\/wp-content\/uploads\/2024\/04\/Young-Talented-Leaders-Scholarship-e1713774227753.jpg\",\"width\":1835,\"height\":1171},{\"@type\":\"BreadcrumbList\",\"@id\":\"https:\/\/frv.com\/en\/frv-and-ie-foundation-scholarships-program-reaches-its-eleventh-edition\/#breadcrumb\",\"itemListElement\":[{\"@type\":\"ListItem\",\"position\":1,\"name\":\"Home\",\"item\":\"https:\/\/frv.com\/en\/\"},{\"@type\":\"ListItem\",\"position\":2,\"name\":\"El programa de becas de FRV y Fundaci\u00f3n IE alcanza su und\u00e9cima edici\u00f3n premiando a un estudiante sobresaliente de Extremadura\"}]},{\"@type\":\"WebSite\",\"@id\":\"https:\/\/frv.com\/en\/#website\",\"url\":\"https:\/\/frv.com\/en\/\",\"name\":\"FRV\",\"description\":\"The future happens here\",\"potentialAction\":[{\"@type\":\"SearchAction\",\"target\":{\"@type\":\"EntryPoint\",\"urlTemplate\":\"https:\/\/frv.com\/en\/?s={search_term_string}\"},\"query-input\":{\"@type\":\"PropertyValueSpecification\",\"valueRequired\":true,\"valueName\":\"search_term_string\"}}],\"inLanguage\":\"en-US\"},{\"@type\":\"Person\",\"@id\":\"https:\/\/frv.com\/#\/schema\/person\/cc8a0abdaae9c766e2b875c29dc3bc51\",\"name\":\"Guillermo Agull\u00f3 Beltr\u00e1n\",\"image\":{\"@type\":\"ImageObject\",\"inLanguage\":\"en-US\",\"@id\":\"https:\/\/frv.com\/en\/#\/schema\/person\/image\/\",\"url\":\"https:\/\/secure.gravatar.com\/avatar\/bd4438e09f373ea26a3252ed6d25b05f?s=96&d=mm&r=g\",\"contentUrl\":\"https:\/\/secure.gravatar.com\/avatar\/bd4438e09f373ea26a3252ed6d25b05f?s=96&d=mm&r=g\",\"caption\":\"Guillermo Agull\u00f3 Beltr\u00e1n\"},\"url\":\"https:\/\/frv.com\/en\/author\/guillermo-agullofrv-com\/\"}]}<\/script>\n<!-- \/ Yoast SEO plugin. -->","yoast_head_json":{"title":"FRV and IE Foundation Scholarships Program reaches its 11th edition","robots":{"index":"index","follow":"follow","max-snippet":"max-snippet:-1","max-image-preview":"max-image-preview:large","max-video-preview":"max-video-preview:-1"},"canonical":"https:\/\/frv.com\/en\/frv-and-ie-foundation-scholarships-program-reaches-its-eleventh-edition\/","og_locale":"en_US","og_type":"article","og_title":"Students may apply fot intership here: FRV 'Young Talented Leaders' Scholarship","og_description":"The Young Talented Leaders program, sponsored together with IE Foundation, offers a scholarship to outstanding students from the regions where FRV projects are developed. After 11 editions of this program, FRV will cover one year more all the expenses of a student from Extremadura to study a four-year degree at IE University. The scholarship covers\u2026","og_url":"https:\/\/frv.com\/en\/frv-and-ie-foundation-scholarships-program-reaches-its-eleventh-edition\/en\/","og_site_name":"FRV","article_publisher":"https:\/\/www.facebook.com\/FRV.Official","article_published_time":"2024-04-22T08:24:31+00:00","article_modified_time":"2024-04-22T08:25:00+00:00","og_image":[{"width":1835,"height":1171,"url":"https:\/\/frv.com\/wp-content\/uploads\/2024\/04\/Young-Talented-Leaders-Scholarship-e1713774227753.jpg","type":"image\/jpeg"}],"author":"Guillermo Agull\u00f3 Beltr\u00e1n","twitter_card":"summary_large_image","twitter_title":"Students may apply fot intership here: FRV 'Young Talented Leaders' Scholarship","twitter_image":"https:\/\/frv.com\/wp-content\/uploads\/2024\/04\/Young-Talented-Leaders-Scholarship-e1713774227753.jpg","twitter_creator":"@FotowatioRV","twitter_site":"@FotowatioRV","twitter_misc":{"Written by":"Guillermo Agull\u00f3 Beltr\u00e1n","Est. reading time":"3 minutes"},"schema":{"@context":"https:\/\/schema.org","@graph":[{"@type":"Article","@id":"https:\/\/frv.com\/frv-and-ie-foundation-scholarships-program-reaches-its-eleventh-edition\/#article","isPartOf":{"@id":"https:\/\/frv.com\/frv-and-ie-foundation-scholarships-program-reaches-its-eleventh-edition\/"},"author":{"name":"Guillermo Agull\u00f3 Beltr\u00e1n","@id":"https:\/\/frv.com\/#\/schema\/person\/cc8a0abdaae9c766e2b875c29dc3bc51"},"headline":"The FRV and IE Foundation Scholarships Program reaches its eleventh edition, awarding one more year this scholarship to an outstanding student from Extremadura","datePublished":"2024-04-22T08:24:31+00:00","dateModified":"2024-04-22T08:25:00+00:00","mainEntityOfPage":{"@id":"https:\/\/frv.com\/frv-and-ie-foundation-scholarships-program-reaches-its-eleventh-edition\/"},"wordCount":1267,"image":{"@id":"https:\/\/frv.com\/frv-and-ie-foundation-scholarships-program-reaches-its-eleventh-edition\/#primaryimage"},"thumbnailUrl":"https:\/\/frv.com\/wp-content\/uploads\/2024\/04\/Young-Talented-Leaders-Scholarship-e1713774227753.jpg","keywords":["Scholarship"],"articleSection":["Scholarship","Press releases"],"inLanguage":"en-US"},{"@type":"WebPage","@id":"https:\/\/frv.com\/en\/frv-and-ie-foundation-scholarships-program-reaches-its-eleventh-edition\/","url":"https:\/\/frv.com\/en\/frv-and-ie-foundation-scholarships-program-reaches-its-eleventh-edition\/","name":"FRV and IE Foundation Scholarships Program reaches its 11th edition","isPartOf":{"@id":"https:\/\/frv.com\/en\/#website"},"primaryImageOfPage":{"@id":"https:\/\/frv.com\/en\/frv-and-ie-foundation-scholarships-program-reaches-its-eleventh-edition\/#primaryimage"},"image":{"@id":"https:\/\/frv.com\/frv-and-ie-foundation-scholarships-program-reaches-its-eleventh-edition\/#primaryimage"},"thumbnailUrl":"https:\/\/frv.com\/wp-content\/uploads\/2024\/04\/Young-Talented-Leaders-Scholarship-e1713774227753.jpg","datePublished":"2024-04-22T08:24:31+00:00","dateModified":"2024-04-22T08:25:00+00:00","author":{"@id":"https:\/\/frv.com\/#\/schema\/person\/cc8a0abdaae9c766e2b875c29dc3bc51"},"breadcrumb":{"@id":"https:\/\/frv.com\/en\/frv-and-ie-foundation-scholarships-program-reaches-its-eleventh-edition\/#breadcrumb"},"inLanguage":"en-US","potentialAction":[{"@type":"ReadAction","target":[["https:\/\/frv.com\/en\/frv-and-ie-foundation-scholarships-program-reaches-its-eleventh-edition\/"]]}]},{"@type":"ImageObject","inLanguage":"en-US","@id":"https:\/\/frv.com\/en\/frv-and-ie-foundation-scholarships-program-reaches-its-eleventh-edition\/#primaryimage","url":"https:\/\/frv.com\/wp-content\/uploads\/2024\/04\/Young-Talented-Leaders-Scholarship-e1713774227753.jpg","contentUrl":"https:\/\/frv.com\/wp-content\/uploads\/2024\/04\/Young-Talented-Leaders-Scholarship-e1713774227753.jpg","width":1835,"height":1171},{"@type":"BreadcrumbList","@id":"https:\/\/frv.com\/en\/frv-and-ie-foundation-scholarships-program-reaches-its-eleventh-edition\/#breadcrumb","itemListElement":[{"@type":"ListItem","position":1,"name":"Home","item":"https:\/\/frv.com\/en\/"},{"@type":"ListItem","position":2,"name":"El programa de becas de FRV y Fundaci\u00f3n IE alcanza su und\u00e9cima edici\u00f3n premiando a un estudiante sobresaliente de Extremadura"}]},{"@type":"WebSite","@id":"https:\/\/frv.com\/en\/#website","url":"https:\/\/frv.com\/en\/","name":"FRV","description":"The future happens here","potentialAction":[{"@type":"SearchAction","target":{"@type":"EntryPoint","urlTemplate":"https:\/\/frv.com\/en\/?s={search_term_string}"},"query-input":{"@type":"PropertyValueSpecification","valueRequired":true,"valueName":"search_term_string"}}],"inLanguage":"en-US"},{"@type":"Person","@id":"https:\/\/frv.com\/#\/schema\/person\/cc8a0abdaae9c766e2b875c29dc3bc51","name":"Guillermo Agull\u00f3 Beltr\u00e1n","image":{"@type":"ImageObject","inLanguage":"en-US","@id":"https:\/\/frv.com\/en\/#\/schema\/person\/image\/","url":"https:\/\/secure.gravatar.com\/avatar\/bd4438e09f373ea26a3252ed6d25b05f?s=96&d=mm&r=g","contentUrl":"https:\/\/secure.gravatar.com\/avatar\/bd4438e09f373ea26a3252ed6d25b05f?s=96&d=mm&r=g","caption":"Guillermo Agull\u00f3 Beltr\u00e1n"},"url":"https:\/\/frv.com\/en\/author\/guillermo-agullofrv-com\/"}]}},"search_content":"<p><\/p>\n<ul>\n<li>The Young Talented Leaders program, sponsored together with IE Foundation, offers a scholarship to outstanding students from the regions where FRV projects are developed.<\/li>\n<li>After 11 editions of this program, FRV will cover one year more all the expenses of a student from Extremadura to study a four-year degree at IE University.<\/li>\n<li>The scholarship covers all training and educational expenses, including tuition and support for housing, academic materials, and living expenses during the four years of the degree program.<\/li>\n<\/ul>\n<p><strong>&nbsp;<\/strong><\/p>\n<p><strong>&nbsp;<\/strong><\/p>\n<p><strong>Madrid, 22<sup>nd<\/sup> April. 2024<\/strong><\/p>\n<p><a href=\"https:\/\/frv.com\/en\">Fotowatio Renewable Ventures<\/a> (FRV), part of <a href=\"https:\/\/alj.com\/energy\">Abdul Latif Jameel Energy<\/a> and one of the world&#8217;s leading renewable energy companies collaborates with IE Foundation through the Young Talented Leaders program to offer a scholarship to an outstanding student for each of the projects it has been developing at the rate of one student per academic year for the last 11 years. On this occasion, the scholarship, linked to the Carmonita Ministerio project -currently under construction and which will reach a total capacity of 477 MWp-, will be awarded to a brilliant student from Extremadura, covering all the expenses to study a four-year degree at IE University, including living expenses and tuition.<\/p>\n<p>The Young Talent Leaders program is jointly sponsored by the IE Foundation and FRV with the objective of enabling outstanding students with high personal and academic performance to study at IE University. The admissions process includes a 500-word essay reflecting the reasons why the candidate stands out and why they are applying for the scholarship. The selection criteria are based on the candidate&#8217;s demonstration of high academic performance and potential, in addition to meeting the other established criteria.<\/p>\n<p>The scholarship covers training and educational expenses, including tuition, and support for living expenses during the four years of the degree program.<\/p>\n<p>In this way, FRV ensures that bright students from diverse geographic locations and cultural, economic and professional backgrounds have the opportunity to access world-class education and professional development, thus contributingto driving positive social change by supporting the advancement of education in the area, in this case Extremadura, where Carmonita Ministerio is located. This solar plant located in the province of Badajoz belongs to the Carmonita node (to which the Norte, Sur and IV projects also belong), making up one of the largest photovoltaic complexes in Spain.<\/p>\n<p>&nbsp;<\/p>\n                <div class=\"sh-quote\">\n                    <div class=\"sh-quote-content\">\n                        We believe that sharing success is a business imperative, and this philosophy has led us to collaborate with the Fundaci\u00f3n IE through the Young Talented Leaders scholarship program. This allows us, in turn, to drive positive social change by supporting education in the communities where we are present, consolidating our commitment to regions such as Extremadura                    <\/div>\n                                            <div class=\"sh-quote-name\">\n                            Daniel Sagi-Vela                        <\/div>\n                                                                <div class=\"sh-quote-position\">\n                             CEO of FRV                        <\/div>\n                                    <\/div>\n            \n<p>&nbsp;<\/p>\n                <div class=\"sh-quote\">\n                    <div class=\"sh-quote-content\">\n                        It is a pleasure to have reached the eleventh edition of the FRV scholarships, which allow extraordinary students to cover all the costs of their education at IE University. As both parties have seen over the years, these scholarships bring about a real transformation in the lives of these brilliant young people, while having a positive impact on the aresa from where they come. For this reason, at IE Foundation we are very grateful to FRV and very happy to be able to renew this scholarship once again.                    <\/div>\n                                            <div class=\"sh-quote-name\">\n                            Gonzalo Garland                        <\/div>\n                                                                <div class=\"sh-quote-position\">\n                            Executive Vice President of IE Foundation                         <\/div>\n                                    <\/div>\n            \n<p>&nbsp;<\/p>\n<p><img decoding=\"async\" class=\"sh-imagefull aligncenter wp-image-18889 size-full\" src=\"https:\/\/frv.com\/wp-content\/uploads\/2024\/04\/Young-Talented-Leaders-Scholarship-e1713774227753.jpg\" alt=\"\" width=\"1835\" height=\"1171\" srcset=\"https:\/\/frv.com\/wp-content\/uploads\/2024\/04\/Young-Talented-Leaders-Scholarship-e1713774227753.jpg 1835w, https:\/\/frv.com\/wp-content\/uploads\/2024\/04\/Young-Talented-Leaders-Scholarship-e1713774227753-300x191.jpg 300w, https:\/\/frv.com\/wp-content\/uploads\/2024\/04\/Young-Talented-Leaders-Scholarship-e1713774227753-1024x653.jpg 1024w, https:\/\/frv.com\/wp-content\/uploads\/2024\/04\/Young-Talented-Leaders-Scholarship-e1713774227753-768x490.jpg 768w, https:\/\/frv.com\/wp-content\/uploads\/2024\/04\/Young-Talented-Leaders-Scholarship-e1713774227753-1536x980.jpg 1536w\" sizes=\"(max-width: 1835px) 100vw, 1835px\" \/><\/p>\n<p>&nbsp;<\/p>\n<p>Students may apply fot intership here: <a href=\"https:\/\/frv.com\/en\/commitment\/frv-young-talented-leaders-scholarship\/\">FRV &#8216;Young Talented Leaders&#8217; Scholarship<\/a><\/p>\n","search_term":"","_links":{"self":[{"href":"https:\/\/frv.com\/en\/wp-json\/wp\/v2\/posts\/18888","targetHints":{"allow":["GET"]}}],"collection":[{"href":"https:\/\/frv.com\/en\/wp-json\/wp\/v2\/posts"}],"about":[{"href":"https:\/\/frv.com\/en\/wp-json\/wp\/v2\/types\/post"}],"author":[{"embeddable":true,"href":"https:\/\/frv.com\/en\/wp-json\/wp\/v2\/users\/9"}],"replies":[{"embeddable":true,"href":"https:\/\/frv.com\/en\/wp-json\/wp\/v2\/comments?post=18888"}],"version-history":[{"count":1,"href":"https:\/\/frv.com\/en\/wp-json\/wp\/v2\/posts\/18888\/revisions"}],"predecessor-version":[{"id":18890,"href":"https:\/\/frv.com\/en\/wp-json\/wp\/v2\/posts\/18888\/revisions\/18890"}],"wp:featuredmedia":[{"embeddable":true,"href":"https:\/\/frv.com\/en\/wp-json\/wp\/v2\/media\/18889"}],"wp:attachment":[{"href":"https:\/\/frv.com\/en\/wp-json\/wp\/v2\/media?parent=18888"}],"wp:term":[{"taxonomy":"category","embeddable":true,"href":"https:\/\/frv.com\/en\/wp-json\/wp\/v2\/categories?post=18888"},{"taxonomy":"post_tag","embeddable":true,"href":"https:\/\/frv.com\/en\/wp-json\/wp\/v2\/tags?post=18888"}],"curies":[{"name":"wp","href":"https:\/\/api.w.org\/{rel}","templated":true}]}}