{"id":14373,"date":"2020-05-18T10:56:37","date_gmt":"2020-05-18T08:56:37","guid":{"rendered":"https:\/\/frv.com\/?p=14373"},"modified":"2021-02-04T18:33:15","modified_gmt":"2021-02-04T17:33:15","slug":"la-planta-solar-la-solanilla-de-frv-generara-energia-limpia-suficiente-para-abastecer-35-000-hogares-espanoles-al-ano","status":"publish","type":"post","link":"https:\/\/frv.com\/en\/la-planta-solar-la-solanilla-de-frv-generara-energia-limpia-suficiente-para-abastecer-35-000-hogares-espanoles-al-ano\/","title":{"rendered":"FRV\u2019s Solar Farm \u201cLa Solanilla\u201d to Supply 35,000 Homes in Spain with Clean Energy"},"content":{"rendered":"<p><\/p>\n<ul>\n<li>The solar farm will produce around 103 GWh of clean energy per year, enough to supply around 35,000 Spanish homes and avoid the emission of 72,000 tons of CO2.<\/li>\n<li>La Solanilla will boost Extremadura\u2019s economic development; during the construction phase alone, around 350 jobs were created.<\/li>\n<li>As part of FRV&#8217;s commitment to the communities in which it operates, a new FRV \u2018Young Talented Leaders\u2019 scholarship was awarded to a student from Extremadura in collaboration with the IE University.<\/li>\n<\/ul>\n<p>Fotowatio Renewable Ventures (FRV), a company of Abdul Latif Jameel Energy and global leader in renewable utility-scale projects, has announced the achievement of commercial operations of a 50 MW dc solar plant, known as La Solanilla. After producing its first kWh in 2019, La Solanilla will now generate approximately 103 GWh in clean energy, which will supply approximately 35,000 Spanish homes and will avoid the emission of 72,000 tons of CO2 annually.<\/p>\n<p>The project&#8217;s loacation in Trujillo, 50 km from C\u00e1ceres, in the Spanish region of Extremadura, is key for FRV due to its wealth of natural resources and the company\u2019s track record in the area. Following a visit to the solar farm in January, Extremadura\u2019s Minister for Ecological Transition and Sustainability, Olga Garcia said, \u201cThanks to projects such as &#8216;La Solanilla&#8217;, Extremadura is at the forefront of solar energy production and is becoming increasingly competitive in the renewable energy space.\u201d<\/p>\n<p>La Solanilla is a new addition to FRV\u2019s expansion plans. The project makes a significant contribution to the socio-economic development of the area, by fostering local job creation and education. During the construction phase alone, approximately 350 jobs were created, some of which have been maintained now that the plant is operational. Furthermore, as part of FRV\u2019s social commitment to the communities in which it operates, FRV awarded a new \u2018Young Talented Leaders\u2019 Scholarship last year for this project in collaboration with the IE Foundation.<\/p>\n<p>Andrea Fontana, Managing Director FRV Europe highlights, \u201cLa Solanilla is a special project for FRV. Extremadura is a place where the founding team of FRV began its journey in the industry more than 14 years ago. After more than a decade of trajectory, I am delighted once again to reconfirm FRV&#8217;s commitment to the region and our willingness to continue collaborating with the Junta de Extremadura and the City Hall of Trujillo, administrations that, like us, share a commitment to renewable energy for all. We continue to aspire to be one of the leaders in the renewable energy revolution in Spain and across Europe, with projects such as La Solanilla.\u201d<\/p>\n<p>Fady Jameel, Deputy President and Vice Chairman of Abdul Latif Jameel, said: \u201cImplementing exciting green energy projects such as La Solanilla that create jobs and boost local economies is core to FRV\u2019s business model. This is especially important as the region looks to re-emerge strongly and sustainably from the current economic environment.\u201d<\/p>\n<p>&nbsp;<\/p>\n<p>https:\/\/youtu.be\/RaKEfJM9qRs    \t<\/p>\n","protected":false},"excerpt":{"rendered":"<p>The solar farm will produce around 103 GWh of clean energy per year, enough to supply around 35,000 Spanish homes and avoid the emission of 72,000 tons of CO2. La Solanilla will boost Extremadura\u2019s economic development; during the construction phase alone, around 350 jobs were created. As part of FRV&#8217;s commitment to the communities in\u2026<\/p>\n","protected":false},"author":1,"featured_media":14376,"comment_status":"open","ping_status":"open","sticky":false,"template":"","format":"standard","meta":{"_acf_changed":false,"footnotes":""},"categories":[4],"tags":[],"class_list":["post-14373","post","type-post","status-publish","format-standard","has-post-thumbnail","hentry","category-press-releases"],"acf":[],"yoast_head":"<!-- This site is optimized with the Yoast SEO plugin v26.7 - https:\/\/yoast.com\/wordpress\/plugins\/seo\/ -->\n<title>FRV\u2019s Solar Farm \u201cLa Solanilla\u201d to Supply 35,000 Homes in Spain with Clean Energy - FRV<\/title>\n<meta name=\"robots\" content=\"index, follow, max-snippet:-1, max-image-preview:large, max-video-preview:-1\" \/>\n<link rel=\"canonical\" href=\"https:\/\/frv.com\/en\/frvs-solar-farm-la-solanilla-to-supply-35000-homes-in-spain-with-clean-energy\/\" \/>\n<meta property=\"og:locale\" content=\"en_US\" \/>\n<meta property=\"og:type\" content=\"article\" \/>\n<meta property=\"og:title\" content=\"FRV\u2019s Solar Farm \u201cLa Solanilla\u201d to Supply 35,000 Homes in Spain with Clean Energy - FRV\" \/>\n<meta property=\"og:description\" content=\"The solar farm will produce around 103 GWh of clean energy per year, enough to supply around 35,000 Spanish homes and avoid the emission of 72,000 tons of CO2. La Solanilla will boost Extremadura\u2019s economic development; during the construction phase alone, around 350 jobs were created. As part of FRV&#8217;s commitment to the communities in\u2026\" \/>\n<meta property=\"og:url\" content=\"https:\/\/frv.com\/en\/frvs-solar-farm-la-solanilla-to-supply-35000-homes-in-spain-with-clean-energy\/en\/\" \/>\n<meta property=\"og:site_name\" content=\"FRV\" \/>\n<meta property=\"article:publisher\" content=\"https:\/\/www.facebook.com\/FRV.Official\" \/>\n<meta property=\"article:published_time\" content=\"2020-05-18T08:56:37+00:00\" \/>\n<meta property=\"article:modified_time\" content=\"2021-02-04T17:33:15+00:00\" \/>\n<meta property=\"og:image\" content=\"https:\/\/frv.com\/wp-content\/uploads\/2020\/05\/DJI_0016.jpg\" \/>\n\t<meta property=\"og:image:width\" content=\"2268\" \/>\n\t<meta property=\"og:image:height\" content=\"1701\" \/>\n\t<meta property=\"og:image:type\" content=\"image\/jpeg\" \/>\n<meta name=\"author\" content=\"admin_brooktec\" \/>\n<meta name=\"twitter:card\" content=\"summary_large_image\" \/>\n<meta name=\"twitter:creator\" content=\"@FotowatioRV\" \/>\n<meta name=\"twitter:site\" content=\"@FotowatioRV\" \/>\n<meta name=\"twitter:label1\" content=\"Written by\" \/>\n\t<meta name=\"twitter:data1\" content=\"admin_brooktec\" \/>\n\t<meta name=\"twitter:label2\" content=\"Est. reading time\" \/>\n\t<meta name=\"twitter:data2\" content=\"5 minutes\" \/>\n<script type=\"application\/ld+json\" class=\"yoast-schema-graph\">{\"@context\":\"https:\/\/schema.org\",\"@graph\":[{\"@type\":\"Article\",\"@id\":\"https:\/\/frv.com\/frvs-solar-farm-la-solanilla-to-supply-35000-homes-in-spain-with-clean-energy\/#article\",\"isPartOf\":{\"@id\":\"https:\/\/frv.com\/frvs-solar-farm-la-solanilla-to-supply-35000-homes-in-spain-with-clean-energy\/\"},\"author\":{\"name\":\"admin_brooktec\",\"@id\":\"https:\/\/frv.com\/#\/schema\/person\/36bbca0dc8d93ec37201f8b72fa62619\"},\"headline\":\"FRV\u2019s Solar Farm \u201cLa Solanilla\u201d to Supply 35,000 Homes in Spain with Clean Energy\",\"datePublished\":\"2020-05-18T08:56:37+00:00\",\"dateModified\":\"2021-02-04T17:33:15+00:00\",\"mainEntityOfPage\":{\"@id\":\"https:\/\/frv.com\/frvs-solar-farm-la-solanilla-to-supply-35000-homes-in-spain-with-clean-energy\/\"},\"wordCount\":1099,\"commentCount\":0,\"image\":{\"@id\":\"https:\/\/frv.com\/frvs-solar-farm-la-solanilla-to-supply-35000-homes-in-spain-with-clean-energy\/#primaryimage\"},\"thumbnailUrl\":\"https:\/\/frv.com\/wp-content\/uploads\/2020\/05\/DJI_0016.jpg\",\"articleSection\":[\"Press releases\"],\"inLanguage\":\"en-US\"},{\"@type\":\"WebPage\",\"@id\":\"https:\/\/frv.com\/en\/frvs-solar-farm-la-solanilla-to-supply-35000-homes-in-spain-with-clean-energy\/\",\"url\":\"https:\/\/frv.com\/en\/frvs-solar-farm-la-solanilla-to-supply-35000-homes-in-spain-with-clean-energy\/\",\"name\":\"FRV\u2019s Solar Farm \u201cLa Solanilla\u201d to Supply 35,000 Homes in Spain with Clean Energy - FRV\",\"isPartOf\":{\"@id\":\"https:\/\/frv.com\/en\/#website\"},\"primaryImageOfPage\":{\"@id\":\"https:\/\/frv.com\/en\/frvs-solar-farm-la-solanilla-to-supply-35000-homes-in-spain-with-clean-energy\/#primaryimage\"},\"image\":{\"@id\":\"https:\/\/frv.com\/frvs-solar-farm-la-solanilla-to-supply-35000-homes-in-spain-with-clean-energy\/#primaryimage\"},\"thumbnailUrl\":\"https:\/\/frv.com\/wp-content\/uploads\/2020\/05\/DJI_0016.jpg\",\"datePublished\":\"2020-05-18T08:56:37+00:00\",\"dateModified\":\"2021-02-04T17:33:15+00:00\",\"author\":{\"@id\":\"https:\/\/frv.com\/#\/schema\/person\/36bbca0dc8d93ec37201f8b72fa62619\"},\"breadcrumb\":{\"@id\":\"https:\/\/frv.com\/en\/frvs-solar-farm-la-solanilla-to-supply-35000-homes-in-spain-with-clean-energy\/#breadcrumb\"},\"inLanguage\":\"en-US\",\"potentialAction\":[{\"@type\":\"ReadAction\",\"target\":[[\"https:\/\/frv.com\/en\/frvs-solar-farm-la-solanilla-to-supply-35000-homes-in-spain-with-clean-energy\/\"]]}]},{\"@type\":\"ImageObject\",\"inLanguage\":\"en-US\",\"@id\":\"https:\/\/frv.com\/en\/frvs-solar-farm-la-solanilla-to-supply-35000-homes-in-spain-with-clean-energy\/#primaryimage\",\"url\":\"https:\/\/frv.com\/wp-content\/uploads\/2020\/05\/DJI_0016.jpg\",\"contentUrl\":\"https:\/\/frv.com\/wp-content\/uploads\/2020\/05\/DJI_0016.jpg\",\"width\":2268,\"height\":1701,\"caption\":\"DCIM100MEDIADJI_0016.JPG\"},{\"@type\":\"BreadcrumbList\",\"@id\":\"https:\/\/frv.com\/en\/frvs-solar-farm-la-solanilla-to-supply-35000-homes-in-spain-with-clean-energy\/#breadcrumb\",\"itemListElement\":[{\"@type\":\"ListItem\",\"position\":1,\"name\":\"Home\",\"item\":\"https:\/\/frv.com\/en\/\"},{\"@type\":\"ListItem\",\"position\":2,\"name\":\"La planta solar \u2018La Solanilla\u2019 de FRV, generar\u00e1 energ\u00eda limpia suficiente para abastecer 35.000 hogares espa\u00f1oles al a\u00f1o\"}]},{\"@type\":\"WebSite\",\"@id\":\"https:\/\/frv.com\/en\/#website\",\"url\":\"https:\/\/frv.com\/en\/\",\"name\":\"FRV\",\"description\":\"The future happens here\",\"potentialAction\":[{\"@type\":\"SearchAction\",\"target\":{\"@type\":\"EntryPoint\",\"urlTemplate\":\"https:\/\/frv.com\/en\/?s={search_term_string}\"},\"query-input\":{\"@type\":\"PropertyValueSpecification\",\"valueRequired\":true,\"valueName\":\"search_term_string\"}}],\"inLanguage\":\"en-US\"},{\"@type\":\"Person\",\"@id\":\"https:\/\/frv.com\/#\/schema\/person\/36bbca0dc8d93ec37201f8b72fa62619\",\"name\":\"admin_brooktec\",\"image\":{\"@type\":\"ImageObject\",\"inLanguage\":\"en-US\",\"@id\":\"https:\/\/frv.com\/en\/#\/schema\/person\/image\/\",\"url\":\"https:\/\/secure.gravatar.com\/avatar\/0e7fb0448eaf832d491c60fa758bdfb0?s=96&d=mm&r=g\",\"contentUrl\":\"https:\/\/secure.gravatar.com\/avatar\/0e7fb0448eaf832d491c60fa758bdfb0?s=96&d=mm&r=g\",\"caption\":\"admin_brooktec\"},\"sameAs\":[\"https:\/\/frv.com\"],\"url\":\"https:\/\/frv.com\/en\/author\/admin_brooktec\/\"}]}<\/script>\n<!-- \/ Yoast SEO plugin. -->","yoast_head_json":{"title":"FRV\u2019s Solar Farm \u201cLa Solanilla\u201d to Supply 35,000 Homes in Spain with Clean Energy - FRV","robots":{"index":"index","follow":"follow","max-snippet":"max-snippet:-1","max-image-preview":"max-image-preview:large","max-video-preview":"max-video-preview:-1"},"canonical":"https:\/\/frv.com\/en\/frvs-solar-farm-la-solanilla-to-supply-35000-homes-in-spain-with-clean-energy\/","og_locale":"en_US","og_type":"article","og_title":"FRV\u2019s Solar Farm \u201cLa Solanilla\u201d to Supply 35,000 Homes in Spain with Clean Energy - FRV","og_description":"The solar farm will produce around 103 GWh of clean energy per year, enough to supply around 35,000 Spanish homes and avoid the emission of 72,000 tons of CO2. La Solanilla will boost Extremadura\u2019s economic development; during the construction phase alone, around 350 jobs were created. As part of FRV&#8217;s commitment to the communities in\u2026","og_url":"https:\/\/frv.com\/en\/frvs-solar-farm-la-solanilla-to-supply-35000-homes-in-spain-with-clean-energy\/en\/","og_site_name":"FRV","article_publisher":"https:\/\/www.facebook.com\/FRV.Official","article_published_time":"2020-05-18T08:56:37+00:00","article_modified_time":"2021-02-04T17:33:15+00:00","og_image":[{"width":2268,"height":1701,"url":"https:\/\/frv.com\/wp-content\/uploads\/2020\/05\/DJI_0016.jpg","type":"image\/jpeg"}],"author":"admin_brooktec","twitter_card":"summary_large_image","twitter_creator":"@FotowatioRV","twitter_site":"@FotowatioRV","twitter_misc":{"Written by":"admin_brooktec","Est. reading time":"5 minutes"},"schema":{"@context":"https:\/\/schema.org","@graph":[{"@type":"Article","@id":"https:\/\/frv.com\/frvs-solar-farm-la-solanilla-to-supply-35000-homes-in-spain-with-clean-energy\/#article","isPartOf":{"@id":"https:\/\/frv.com\/frvs-solar-farm-la-solanilla-to-supply-35000-homes-in-spain-with-clean-energy\/"},"author":{"name":"admin_brooktec","@id":"https:\/\/frv.com\/#\/schema\/person\/36bbca0dc8d93ec37201f8b72fa62619"},"headline":"FRV\u2019s Solar Farm \u201cLa Solanilla\u201d to Supply 35,000 Homes in Spain with Clean Energy","datePublished":"2020-05-18T08:56:37+00:00","dateModified":"2021-02-04T17:33:15+00:00","mainEntityOfPage":{"@id":"https:\/\/frv.com\/frvs-solar-farm-la-solanilla-to-supply-35000-homes-in-spain-with-clean-energy\/"},"wordCount":1099,"commentCount":0,"image":{"@id":"https:\/\/frv.com\/frvs-solar-farm-la-solanilla-to-supply-35000-homes-in-spain-with-clean-energy\/#primaryimage"},"thumbnailUrl":"https:\/\/frv.com\/wp-content\/uploads\/2020\/05\/DJI_0016.jpg","articleSection":["Press releases"],"inLanguage":"en-US"},{"@type":"WebPage","@id":"https:\/\/frv.com\/en\/frvs-solar-farm-la-solanilla-to-supply-35000-homes-in-spain-with-clean-energy\/","url":"https:\/\/frv.com\/en\/frvs-solar-farm-la-solanilla-to-supply-35000-homes-in-spain-with-clean-energy\/","name":"FRV\u2019s Solar Farm \u201cLa Solanilla\u201d to Supply 35,000 Homes in Spain with Clean Energy - FRV","isPartOf":{"@id":"https:\/\/frv.com\/en\/#website"},"primaryImageOfPage":{"@id":"https:\/\/frv.com\/en\/frvs-solar-farm-la-solanilla-to-supply-35000-homes-in-spain-with-clean-energy\/#primaryimage"},"image":{"@id":"https:\/\/frv.com\/frvs-solar-farm-la-solanilla-to-supply-35000-homes-in-spain-with-clean-energy\/#primaryimage"},"thumbnailUrl":"https:\/\/frv.com\/wp-content\/uploads\/2020\/05\/DJI_0016.jpg","datePublished":"2020-05-18T08:56:37+00:00","dateModified":"2021-02-04T17:33:15+00:00","author":{"@id":"https:\/\/frv.com\/#\/schema\/person\/36bbca0dc8d93ec37201f8b72fa62619"},"breadcrumb":{"@id":"https:\/\/frv.com\/en\/frvs-solar-farm-la-solanilla-to-supply-35000-homes-in-spain-with-clean-energy\/#breadcrumb"},"inLanguage":"en-US","potentialAction":[{"@type":"ReadAction","target":[["https:\/\/frv.com\/en\/frvs-solar-farm-la-solanilla-to-supply-35000-homes-in-spain-with-clean-energy\/"]]}]},{"@type":"ImageObject","inLanguage":"en-US","@id":"https:\/\/frv.com\/en\/frvs-solar-farm-la-solanilla-to-supply-35000-homes-in-spain-with-clean-energy\/#primaryimage","url":"https:\/\/frv.com\/wp-content\/uploads\/2020\/05\/DJI_0016.jpg","contentUrl":"https:\/\/frv.com\/wp-content\/uploads\/2020\/05\/DJI_0016.jpg","width":2268,"height":1701,"caption":"DCIM100MEDIADJI_0016.JPG"},{"@type":"BreadcrumbList","@id":"https:\/\/frv.com\/en\/frvs-solar-farm-la-solanilla-to-supply-35000-homes-in-spain-with-clean-energy\/#breadcrumb","itemListElement":[{"@type":"ListItem","position":1,"name":"Home","item":"https:\/\/frv.com\/en\/"},{"@type":"ListItem","position":2,"name":"La planta solar \u2018La Solanilla\u2019 de FRV, generar\u00e1 energ\u00eda limpia suficiente para abastecer 35.000 hogares espa\u00f1oles al a\u00f1o"}]},{"@type":"WebSite","@id":"https:\/\/frv.com\/en\/#website","url":"https:\/\/frv.com\/en\/","name":"FRV","description":"The future happens here","potentialAction":[{"@type":"SearchAction","target":{"@type":"EntryPoint","urlTemplate":"https:\/\/frv.com\/en\/?s={search_term_string}"},"query-input":{"@type":"PropertyValueSpecification","valueRequired":true,"valueName":"search_term_string"}}],"inLanguage":"en-US"},{"@type":"Person","@id":"https:\/\/frv.com\/#\/schema\/person\/36bbca0dc8d93ec37201f8b72fa62619","name":"admin_brooktec","image":{"@type":"ImageObject","inLanguage":"en-US","@id":"https:\/\/frv.com\/en\/#\/schema\/person\/image\/","url":"https:\/\/secure.gravatar.com\/avatar\/0e7fb0448eaf832d491c60fa758bdfb0?s=96&d=mm&r=g","contentUrl":"https:\/\/secure.gravatar.com\/avatar\/0e7fb0448eaf832d491c60fa758bdfb0?s=96&d=mm&r=g","caption":"admin_brooktec"},"sameAs":["https:\/\/frv.com"],"url":"https:\/\/frv.com\/en\/author\/admin_brooktec\/"}]}},"search_content":"<p><\/p>\n<ul>\n<li>The solar farm will produce around 103 GWh of clean energy per year, enough to supply around 35,000 Spanish homes and avoid the emission of 72,000 tons of CO2.<\/li>\n<li>La Solanilla will boost Extremadura\u2019s economic development; during the construction phase alone, around 350 jobs were created.<\/li>\n<li>As part of FRV&#8217;s commitment to the communities in which it operates, a new FRV \u2018Young Talented Leaders\u2019 scholarship was awarded to a student from Extremadura in collaboration with the IE University.<\/li>\n<\/ul>\n<p>Fotowatio Renewable Ventures (FRV), a company of Abdul Latif Jameel Energy and global leader in renewable utility-scale projects, has announced the achievement of commercial operations of a 50 MW dc solar plant, known as La Solanilla. After producing its first kWh in 2019, La Solanilla will now generate approximately 103 GWh in clean energy, which will supply approximately 35,000 Spanish homes and will avoid the emission of 72,000 tons of CO2 annually.<\/p>\n<p>The project&#8217;s loacation in Trujillo, 50 km from C\u00e1ceres, in the Spanish region of Extremadura, is key for FRV due to its wealth of natural resources and the company\u2019s track record in the area. Following a visit to the solar farm in January, Extremadura\u2019s Minister for Ecological Transition and Sustainability, Olga Garcia said, \u201cThanks to projects such as &#8216;La Solanilla&#8217;, Extremadura is at the forefront of solar energy production and is becoming increasingly competitive in the renewable energy space.\u201d<\/p>\n<p>La Solanilla is a new addition to FRV\u2019s expansion plans. The project makes a significant contribution to the socio-economic development of the area, by fostering local job creation and education. During the construction phase alone, approximately 350 jobs were created, some of which have been maintained now that the plant is operational. Furthermore, as part of FRV\u2019s social commitment to the communities in which it operates, FRV awarded a new \u2018Young Talented Leaders\u2019 Scholarship last year for this project in collaboration with the IE Foundation.<\/p>\n<p>Andrea Fontana, Managing Director FRV Europe highlights, \u201cLa Solanilla is a special project for FRV. Extremadura is a place where the founding team of FRV began its journey in the industry more than 14 years ago. After more than a decade of trajectory, I am delighted once again to reconfirm FRV&#8217;s commitment to the region and our willingness to continue collaborating with the Junta de Extremadura and the City Hall of Trujillo, administrations that, like us, share a commitment to renewable energy for all. We continue to aspire to be one of the leaders in the renewable energy revolution in Spain and across Europe, with projects such as La Solanilla.\u201d<\/p>\n<p>Fady Jameel, Deputy President and Vice Chairman of Abdul Latif Jameel, said: \u201cImplementing exciting green energy projects such as La Solanilla that create jobs and boost local economies is core to FRV\u2019s business model. This is especially important as the region looks to re-emerge strongly and sustainably from the current economic environment.\u201d<\/p>\n<p>&nbsp;<\/p>\n<p>https:\/\/youtu.be\/RaKEfJM9qRs    \t<\/p>\n","search_term":null,"_links":{"self":[{"href":"https:\/\/frv.com\/en\/wp-json\/wp\/v2\/posts\/14373","targetHints":{"allow":["GET"]}}],"collection":[{"href":"https:\/\/frv.com\/en\/wp-json\/wp\/v2\/posts"}],"about":[{"href":"https:\/\/frv.com\/en\/wp-json\/wp\/v2\/types\/post"}],"author":[{"embeddable":true,"href":"https:\/\/frv.com\/en\/wp-json\/wp\/v2\/users\/1"}],"replies":[{"embeddable":true,"href":"https:\/\/frv.com\/en\/wp-json\/wp\/v2\/comments?post=14373"}],"version-history":[{"count":2,"href":"https:\/\/frv.com\/en\/wp-json\/wp\/v2\/posts\/14373\/revisions"}],"predecessor-version":[{"id":15698,"href":"https:\/\/frv.com\/en\/wp-json\/wp\/v2\/posts\/14373\/revisions\/15698"}],"wp:featuredmedia":[{"embeddable":true,"href":"https:\/\/frv.com\/en\/wp-json\/wp\/v2\/media\/14376"}],"wp:attachment":[{"href":"https:\/\/frv.com\/en\/wp-json\/wp\/v2\/media?parent=14373"}],"wp:term":[{"taxonomy":"category","embeddable":true,"href":"https:\/\/frv.com\/en\/wp-json\/wp\/v2\/categories?post=14373"},{"taxonomy":"post_tag","embeddable":true,"href":"https:\/\/frv.com\/en\/wp-json\/wp\/v2\/tags?post=14373"}],"curies":[{"name":"wp","href":"https:\/\/api.w.org\/{rel}","templated":true}]}}