{"id":17369,"date":"2023-01-25T09:45:17","date_gmt":"2023-01-25T08:45:17","guid":{"rendered":"https:\/\/frv.com\/?p=17369"},"modified":"2023-01-26T11:14:07","modified_gmt":"2023-01-26T10:14:07","slug":"frv-enters-the-german-market-and-plans-to-develop-2gw-in-the-next-four-years-by-offering-decentralized-future-proof-solar-solutions-for-farmers","status":"publish","type":"post","link":"https:\/\/frv.com\/de\/frv-enters-the-german-market-and-plans-to-develop-2gw-in-the-next-four-years-by-offering-decentralized-future-proof-solar-solutions-for-farmers\/","title":{"rendered":"FRV betritt den deutschen Markt und bietet dezentrale, zukunftssichere Solarl\u00f6sungen f\u00fcr Landwirte. In den n\u00e4chsten vier Jahren ist ein Ausbau von 2GW geplant"},"content":{"rendered":"<p><\/p>\n<ul>\n<li>FRV verf\u00fcgt \u00fcber mehr als 15 Jahre Erfahrung im Bau und Betrieb von Anlagen zur Nutzung erneuerbarer Energien auf der ganzen Welt.<\/li>\n<li>FRV \u00f6ffnet in M\u00fcnchen seine erste deutsche Niederlassung<\/li>\n<\/ul>\n<p>M\u00fcnchen, 25.01.23<\/p>\n<p>Fotowatio Renewable Ventures (FRV) gibt mit dem heutigen Tag seinen Markteintritt in Deutschland bekannt. Das Unternehmen, das sich auf die Entwicklung von Solarparks und Gro\u00dfbatterien spezialisiert hat, wird seine Dienstleistungen ab sofort auch in Deutschland anbieten und plant in den n\u00e4chsten vier Jahren einen Ausbau von 2GW in PV-Projekten, Batterie-Energiespeichersystemen (BESS) und anderer Anlagen f\u00fcr erneuerbare Energien.<\/p>\n                <div class=\"sh-quote\">\n                    <div class=\"sh-quote-content\">\n                        Wir freuen uns sehr, unsere internationale Erfahrung und unser Know-how nun auch im dynamischen deutschen Markt anbieten zu k\u00f6nnen. Deutschland ist einer der wichtigsten M\u00e4rkte f\u00fcr erneuerbare Energien und wir sind davon \u00fcberzeugt, dass unser Angebot von Organisationen und Unternehmen, etwa im landwirtschaftlichen Bereich, stark nachgefragt wird.                    <\/div>\n                                            <div class=\"sh-quote-name\">\n                            Andreas Pfeiffer                        <\/div>\n                                                                <div class=\"sh-quote-position\">\n                            Gesch\u00e4ftsf\u00fchrer FRV Deutschland                         <\/div>\n                                    <\/div>\n            \n<p>&nbsp;<\/p>\n<p>FRV bietet umfassende Solarenergiel\u00f6sungen, einschlie\u00dflich Planung, Bau und Betrieb von Solarparks, Dachanlagen und Gro\u00dfbatterien zur Energiespeicherung. Durch die Nutzung neuester Technologien bietet FRV seinen Kunden hochwertige, zuverl\u00e4ssige und kosteng\u00fcnstige L\u00f6sungen in den Bereichen Photovoltaik und Energiespeicherung.<\/p>\n                <div class=\"sh-quote\">\n                    <div class=\"sh-quote-content\">\n                        Mit der Aufnahme unserer Gesch\u00e4fte in Deutschland wollen wir einen Beitrag zur Energiewende leisten und innerhalb der n\u00e4chsten vier Jahre 2GW f\u00fcr 790.000 Haushalte bereitstellen, was eine Reduzierung der CO2-Emissionen um 948.000 Tonnen pro Jahr bedeutet                    <\/div>\n                                            <div class=\"sh-quote-name\">\n                            Trist\u00e1n Higuero                        <\/div>\n                                                                <div class=\"sh-quote-position\">\n                            Gesch\u00e4ftsentwicklung FRV                        <\/div>\n                                    <\/div>\n            \n<p>&nbsp;<\/p>\n<p>Anfang Dezember 2022 wurde zus\u00e4tzlich der Hauptsitz FRV Deutschlands in M\u00fcnchen er\u00f6ffnet. Von dort aus wird das operative Gesch\u00e4ft gesteuert und die \u00d6ffnung von weiteren Regionalstandorten vorangetrieben. Die zuk\u00fcnftigen Projekte FRV Deutschlands werden einen substanziellen Beitrag zur Energiesicherung des Landes leisten. Daf\u00fcr nutzt FRV nicht nur sein Know-how im Aufbau und Management von gro\u00dffl\u00e4chigen Solaranlagen, sondern auch seine Expertise f\u00fcr innovative Batteriel\u00f6sungen, die bei Energie\u00fcberschuss die dezentral produzierte Energie speichern k\u00f6nnen. Mit seinem umfassenden Angebot positioniert sich FRV als langj\u00e4hriger und vertrauensvoller Partner f\u00fcr Kunden in Deutschland.<\/p>\n","protected":false},"excerpt":{"rendered":"<p>FRV verf\u00fcgt \u00fcber mehr als 15 Jahre Erfahrung im Bau und Betrieb von Anlagen zur Nutzung erneuerbarer Energien auf der ganzen Welt. FRV \u00f6ffnet in M\u00fcnchen seine erste deutsche Niederlassung M\u00fcnchen, 25.01.23 Fotowatio Renewable Ventures (FRV) gibt mit dem heutigen Tag seinen Markteintritt in Deutschland bekannt. Das Unternehmen, das sich auf die Entwicklung von Solarparks\u2026<\/p>\n","protected":false},"author":9,"featured_media":17370,"comment_status":"closed","ping_status":"open","sticky":false,"template":"","format":"standard","meta":{"_acf_changed":false,"footnotes":""},"categories":[4],"tags":[],"class_list":["post-17369","post","type-post","status-publish","format-standard","has-post-thumbnail","hentry","category-press-releases"],"acf":[],"yoast_head":"<!-- This site is optimized with the Yoast SEO plugin v26.7 - https:\/\/yoast.com\/wordpress\/plugins\/seo\/ -->\n<title>FRV enters German market and plans to develop 2GW in 4 years<\/title>\n<meta name=\"description\" content=\"FRV enters the German market and plans to develop 2GW in the next four years offering decentralized, future-proof solar solutions for farmers\" \/>\n<meta name=\"robots\" content=\"index, follow, max-snippet:-1, max-image-preview:large, max-video-preview:-1\" \/>\n<link rel=\"canonical\" href=\"https:\/\/frv.com\/de\/frv-enters-the-german-market-and-plans-to-develop-2gw-in-the-next-four-years-by-offering-decentralized-future-proof-solar-solutions-for-farmers\/\" \/>\n<meta property=\"og:locale\" content=\"de_DE\" \/>\n<meta property=\"og:type\" content=\"article\" \/>\n<meta property=\"og:title\" content=\"FRV enters the German market and plans to develop 2GW in the next four years\" \/>\n<meta property=\"og:description\" content=\"FRV enters the German market and plans to develop 2GW in the next four years offering decentralized, future-proof solar solutions for farmers\" \/>\n<meta property=\"og:url\" content=\"https:\/\/frv.com\/de\/frv-enters-the-german-market-and-plans-to-develop-2gw-in-the-next-four-years-by-offering-decentralized-future-proof-solar-solutions-for-farmers\/en\/\" \/>\n<meta property=\"og:site_name\" content=\"FRV\" \/>\n<meta property=\"article:publisher\" content=\"https:\/\/www.facebook.com\/FRV.Official\" \/>\n<meta property=\"article:published_time\" content=\"2023-01-25T08:45:17+00:00\" \/>\n<meta property=\"article:modified_time\" content=\"2023-01-26T10:14:07+00:00\" \/>\n<meta property=\"og:image\" content=\"https:\/\/frv.com\/wp-content\/uploads\/2023\/01\/pexels-pixabay-163405-scaled.jpg\" \/>\n\t<meta property=\"og:image:width\" content=\"2560\" \/>\n\t<meta property=\"og:image:height\" content=\"1277\" \/>\n\t<meta property=\"og:image:type\" content=\"image\/jpeg\" \/>\n<meta name=\"author\" content=\"Guillermo Agull\u00f3 Beltr\u00e1n\" \/>\n<meta name=\"twitter:card\" content=\"summary_large_image\" \/>\n<meta name=\"twitter:title\" content=\"FRV enters the German market to develop 2GW in 4 four years\" \/>\n<meta name=\"twitter:image\" content=\"https:\/\/frv.com\/wp-content\/uploads\/2023\/01\/pexels-pixabay-163405-scaled.jpg\" \/>\n<meta name=\"twitter:creator\" content=\"@FotowatioRV\" \/>\n<meta name=\"twitter:site\" content=\"@FotowatioRV\" \/>\n<meta name=\"twitter:label1\" content=\"Verfasst von\" \/>\n\t<meta name=\"twitter:data1\" content=\"Guillermo Agull\u00f3 Beltr\u00e1n\" \/>\n\t<meta name=\"twitter:label2\" content=\"Gesch\u00e4tzte Lesezeit\" \/>\n\t<meta name=\"twitter:data2\" content=\"2\u00a0Minuten\" \/>\n<script type=\"application\/ld+json\" class=\"yoast-schema-graph\">{\"@context\":\"https:\/\/schema.org\",\"@graph\":[{\"@type\":\"Article\",\"@id\":\"https:\/\/frv.com\/frv-enters-the-german-market-and-plans-to-develop-2gw-in-the-next-four-years-by-offering-decentralized-future-proof-solar-solutions-for-farmers\/#article\",\"isPartOf\":{\"@id\":\"https:\/\/frv.com\/frv-enters-the-german-market-and-plans-to-develop-2gw-in-the-next-four-years-by-offering-decentralized-future-proof-solar-solutions-for-farmers\/\"},\"author\":{\"name\":\"Guillermo Agull\u00f3 Beltr\u00e1n\",\"@id\":\"https:\/\/frv.com\/#\/schema\/person\/cc8a0abdaae9c766e2b875c29dc3bc51\"},\"headline\":\"FRV betritt den deutschen Markt und bietet dezentrale, zukunftssichere Solarl\u00f6sungen f\u00fcr Landwirte. In den n\u00e4chsten vier Jahren ist ein Ausbau von 2GW geplant\",\"datePublished\":\"2023-01-25T08:45:17+00:00\",\"dateModified\":\"2023-01-26T10:14:07+00:00\",\"mainEntityOfPage\":{\"@id\":\"https:\/\/frv.com\/frv-enters-the-german-market-and-plans-to-develop-2gw-in-the-next-four-years-by-offering-decentralized-future-proof-solar-solutions-for-farmers\/\"},\"wordCount\":1179,\"image\":{\"@id\":\"https:\/\/frv.com\/frv-enters-the-german-market-and-plans-to-develop-2gw-in-the-next-four-years-by-offering-decentralized-future-proof-solar-solutions-for-farmers\/#primaryimage\"},\"thumbnailUrl\":\"https:\/\/frv.com\/wp-content\/uploads\/2023\/01\/pexels-pixabay-163405-scaled.jpg\",\"articleSection\":[\"Notas de prensa\"],\"inLanguage\":\"de\"},{\"@type\":\"WebPage\",\"@id\":\"https:\/\/frv.com\/de\/frv-enters-the-german-market-and-plans-to-develop-2gw-in-the-next-four-years-by-offering-decentralized-future-proof-solar-solutions-for-farmers\/\",\"url\":\"https:\/\/frv.com\/de\/frv-enters-the-german-market-and-plans-to-develop-2gw-in-the-next-four-years-by-offering-decentralized-future-proof-solar-solutions-for-farmers\/\",\"name\":\"FRV enters German market and plans to develop 2GW in 4 years\",\"isPartOf\":{\"@id\":\"https:\/\/frv.com\/de\/#website\"},\"primaryImageOfPage\":{\"@id\":\"https:\/\/frv.com\/de\/frv-enters-the-german-market-and-plans-to-develop-2gw-in-the-next-four-years-by-offering-decentralized-future-proof-solar-solutions-for-farmers\/#primaryimage\"},\"image\":{\"@id\":\"https:\/\/frv.com\/frv-enters-the-german-market-and-plans-to-develop-2gw-in-the-next-four-years-by-offering-decentralized-future-proof-solar-solutions-for-farmers\/#primaryimage\"},\"thumbnailUrl\":\"https:\/\/frv.com\/wp-content\/uploads\/2023\/01\/pexels-pixabay-163405-scaled.jpg\",\"datePublished\":\"2023-01-25T08:45:17+00:00\",\"dateModified\":\"2023-01-26T10:14:07+00:00\",\"author\":{\"@id\":\"https:\/\/frv.com\/#\/schema\/person\/cc8a0abdaae9c766e2b875c29dc3bc51\"},\"description\":\"FRV enters the German market and plans to develop 2GW in the next four years offering decentralized, future-proof solar solutions for farmers\",\"breadcrumb\":{\"@id\":\"https:\/\/frv.com\/de\/frv-enters-the-german-market-and-plans-to-develop-2gw-in-the-next-four-years-by-offering-decentralized-future-proof-solar-solutions-for-farmers\/#breadcrumb\"},\"inLanguage\":\"de\",\"potentialAction\":[{\"@type\":\"ReadAction\",\"target\":[[\"https:\/\/frv.com\/de\/frv-enters-the-german-market-and-plans-to-develop-2gw-in-the-next-four-years-by-offering-decentralized-future-proof-solar-solutions-for-farmers\/\"]]}]},{\"@type\":\"ImageObject\",\"inLanguage\":\"de\",\"@id\":\"https:\/\/frv.com\/de\/frv-enters-the-german-market-and-plans-to-develop-2gw-in-the-next-four-years-by-offering-decentralized-future-proof-solar-solutions-for-farmers\/#primaryimage\",\"url\":\"https:\/\/frv.com\/wp-content\/uploads\/2023\/01\/pexels-pixabay-163405-scaled.jpg\",\"contentUrl\":\"https:\/\/frv.com\/wp-content\/uploads\/2023\/01\/pexels-pixabay-163405-scaled.jpg\",\"width\":2560,\"height\":1277,\"caption\":\"Munich FRV\"},{\"@type\":\"BreadcrumbList\",\"@id\":\"https:\/\/frv.com\/de\/frv-enters-the-german-market-and-plans-to-develop-2gw-in-the-next-four-years-by-offering-decentralized-future-proof-solar-solutions-for-farmers\/#breadcrumb\",\"itemListElement\":[{\"@type\":\"ListItem\",\"position\":1,\"name\":\"Home\",\"item\":\"https:\/\/frv.com\/de\/\"},{\"@type\":\"ListItem\",\"position\":2,\"name\":\"FRV entra en el mercado alem\u00e1n, donde planea desarrollar 2GW en los pr\u00f3ximos cuatro a\u00f1os ofreciendo soluciones solares descentralizadas y de futuro para los agricultores\"}]},{\"@type\":\"WebSite\",\"@id\":\"https:\/\/frv.com\/de\/#website\",\"url\":\"https:\/\/frv.com\/de\/\",\"name\":\"FRV\",\"description\":\"The future happens here\",\"potentialAction\":[{\"@type\":\"SearchAction\",\"target\":{\"@type\":\"EntryPoint\",\"urlTemplate\":\"https:\/\/frv.com\/de\/?s={search_term_string}\"},\"query-input\":{\"@type\":\"PropertyValueSpecification\",\"valueRequired\":true,\"valueName\":\"search_term_string\"}}],\"inLanguage\":\"de\"},{\"@type\":\"Person\",\"@id\":\"https:\/\/frv.com\/#\/schema\/person\/cc8a0abdaae9c766e2b875c29dc3bc51\",\"name\":\"Guillermo Agull\u00f3 Beltr\u00e1n\",\"image\":{\"@type\":\"ImageObject\",\"inLanguage\":\"de\",\"@id\":\"https:\/\/frv.com\/de\/#\/schema\/person\/image\/\",\"url\":\"https:\/\/secure.gravatar.com\/avatar\/bd4438e09f373ea26a3252ed6d25b05f?s=96&d=mm&r=g\",\"contentUrl\":\"https:\/\/secure.gravatar.com\/avatar\/bd4438e09f373ea26a3252ed6d25b05f?s=96&d=mm&r=g\",\"caption\":\"Guillermo Agull\u00f3 Beltr\u00e1n\"},\"url\":\"https:\/\/frv.com\/de\/author\/guillermo-agullofrv-com\/\"}]}<\/script>\n<!-- \/ Yoast SEO plugin. -->","yoast_head_json":{"title":"FRV enters German market and plans to develop 2GW in 4 years","description":"FRV enters the German market and plans to develop 2GW in the next four years offering decentralized, future-proof solar solutions for farmers","robots":{"index":"index","follow":"follow","max-snippet":"max-snippet:-1","max-image-preview":"max-image-preview:large","max-video-preview":"max-video-preview:-1"},"canonical":"https:\/\/frv.com\/de\/frv-enters-the-german-market-and-plans-to-develop-2gw-in-the-next-four-years-by-offering-decentralized-future-proof-solar-solutions-for-farmers\/","og_locale":"de_DE","og_type":"article","og_title":"FRV enters the German market and plans to develop 2GW in the next four years","og_description":"FRV enters the German market and plans to develop 2GW in the next four years offering decentralized, future-proof solar solutions for farmers","og_url":"https:\/\/frv.com\/de\/frv-enters-the-german-market-and-plans-to-develop-2gw-in-the-next-four-years-by-offering-decentralized-future-proof-solar-solutions-for-farmers\/en\/","og_site_name":"FRV","article_publisher":"https:\/\/www.facebook.com\/FRV.Official","article_published_time":"2023-01-25T08:45:17+00:00","article_modified_time":"2023-01-26T10:14:07+00:00","og_image":[{"width":2560,"height":1277,"url":"https:\/\/frv.com\/wp-content\/uploads\/2023\/01\/pexels-pixabay-163405-scaled.jpg","type":"image\/jpeg"}],"author":"Guillermo Agull\u00f3 Beltr\u00e1n","twitter_card":"summary_large_image","twitter_title":"FRV enters the German market to develop 2GW in 4 four years","twitter_image":"https:\/\/frv.com\/wp-content\/uploads\/2023\/01\/pexels-pixabay-163405-scaled.jpg","twitter_creator":"@FotowatioRV","twitter_site":"@FotowatioRV","twitter_misc":{"Verfasst von":"Guillermo Agull\u00f3 Beltr\u00e1n","Gesch\u00e4tzte Lesezeit":"2\u00a0Minuten"},"schema":{"@context":"https:\/\/schema.org","@graph":[{"@type":"Article","@id":"https:\/\/frv.com\/frv-enters-the-german-market-and-plans-to-develop-2gw-in-the-next-four-years-by-offering-decentralized-future-proof-solar-solutions-for-farmers\/#article","isPartOf":{"@id":"https:\/\/frv.com\/frv-enters-the-german-market-and-plans-to-develop-2gw-in-the-next-four-years-by-offering-decentralized-future-proof-solar-solutions-for-farmers\/"},"author":{"name":"Guillermo Agull\u00f3 Beltr\u00e1n","@id":"https:\/\/frv.com\/#\/schema\/person\/cc8a0abdaae9c766e2b875c29dc3bc51"},"headline":"FRV betritt den deutschen Markt und bietet dezentrale, zukunftssichere Solarl\u00f6sungen f\u00fcr Landwirte. In den n\u00e4chsten vier Jahren ist ein Ausbau von 2GW geplant","datePublished":"2023-01-25T08:45:17+00:00","dateModified":"2023-01-26T10:14:07+00:00","mainEntityOfPage":{"@id":"https:\/\/frv.com\/frv-enters-the-german-market-and-plans-to-develop-2gw-in-the-next-four-years-by-offering-decentralized-future-proof-solar-solutions-for-farmers\/"},"wordCount":1179,"image":{"@id":"https:\/\/frv.com\/frv-enters-the-german-market-and-plans-to-develop-2gw-in-the-next-four-years-by-offering-decentralized-future-proof-solar-solutions-for-farmers\/#primaryimage"},"thumbnailUrl":"https:\/\/frv.com\/wp-content\/uploads\/2023\/01\/pexels-pixabay-163405-scaled.jpg","articleSection":["Notas de prensa"],"inLanguage":"de"},{"@type":"WebPage","@id":"https:\/\/frv.com\/de\/frv-enters-the-german-market-and-plans-to-develop-2gw-in-the-next-four-years-by-offering-decentralized-future-proof-solar-solutions-for-farmers\/","url":"https:\/\/frv.com\/de\/frv-enters-the-german-market-and-plans-to-develop-2gw-in-the-next-four-years-by-offering-decentralized-future-proof-solar-solutions-for-farmers\/","name":"FRV enters German market and plans to develop 2GW in 4 years","isPartOf":{"@id":"https:\/\/frv.com\/de\/#website"},"primaryImageOfPage":{"@id":"https:\/\/frv.com\/de\/frv-enters-the-german-market-and-plans-to-develop-2gw-in-the-next-four-years-by-offering-decentralized-future-proof-solar-solutions-for-farmers\/#primaryimage"},"image":{"@id":"https:\/\/frv.com\/frv-enters-the-german-market-and-plans-to-develop-2gw-in-the-next-four-years-by-offering-decentralized-future-proof-solar-solutions-for-farmers\/#primaryimage"},"thumbnailUrl":"https:\/\/frv.com\/wp-content\/uploads\/2023\/01\/pexels-pixabay-163405-scaled.jpg","datePublished":"2023-01-25T08:45:17+00:00","dateModified":"2023-01-26T10:14:07+00:00","author":{"@id":"https:\/\/frv.com\/#\/schema\/person\/cc8a0abdaae9c766e2b875c29dc3bc51"},"description":"FRV enters the German market and plans to develop 2GW in the next four years offering decentralized, future-proof solar solutions for farmers","breadcrumb":{"@id":"https:\/\/frv.com\/de\/frv-enters-the-german-market-and-plans-to-develop-2gw-in-the-next-four-years-by-offering-decentralized-future-proof-solar-solutions-for-farmers\/#breadcrumb"},"inLanguage":"de","potentialAction":[{"@type":"ReadAction","target":[["https:\/\/frv.com\/de\/frv-enters-the-german-market-and-plans-to-develop-2gw-in-the-next-four-years-by-offering-decentralized-future-proof-solar-solutions-for-farmers\/"]]}]},{"@type":"ImageObject","inLanguage":"de","@id":"https:\/\/frv.com\/de\/frv-enters-the-german-market-and-plans-to-develop-2gw-in-the-next-four-years-by-offering-decentralized-future-proof-solar-solutions-for-farmers\/#primaryimage","url":"https:\/\/frv.com\/wp-content\/uploads\/2023\/01\/pexels-pixabay-163405-scaled.jpg","contentUrl":"https:\/\/frv.com\/wp-content\/uploads\/2023\/01\/pexels-pixabay-163405-scaled.jpg","width":2560,"height":1277,"caption":"Munich FRV"},{"@type":"BreadcrumbList","@id":"https:\/\/frv.com\/de\/frv-enters-the-german-market-and-plans-to-develop-2gw-in-the-next-four-years-by-offering-decentralized-future-proof-solar-solutions-for-farmers\/#breadcrumb","itemListElement":[{"@type":"ListItem","position":1,"name":"Home","item":"https:\/\/frv.com\/de\/"},{"@type":"ListItem","position":2,"name":"FRV entra en el mercado alem\u00e1n, donde planea desarrollar 2GW en los pr\u00f3ximos cuatro a\u00f1os ofreciendo soluciones solares descentralizadas y de futuro para los agricultores"}]},{"@type":"WebSite","@id":"https:\/\/frv.com\/de\/#website","url":"https:\/\/frv.com\/de\/","name":"FRV","description":"The future happens here","potentialAction":[{"@type":"SearchAction","target":{"@type":"EntryPoint","urlTemplate":"https:\/\/frv.com\/de\/?s={search_term_string}"},"query-input":{"@type":"PropertyValueSpecification","valueRequired":true,"valueName":"search_term_string"}}],"inLanguage":"de"},{"@type":"Person","@id":"https:\/\/frv.com\/#\/schema\/person\/cc8a0abdaae9c766e2b875c29dc3bc51","name":"Guillermo Agull\u00f3 Beltr\u00e1n","image":{"@type":"ImageObject","inLanguage":"de","@id":"https:\/\/frv.com\/de\/#\/schema\/person\/image\/","url":"https:\/\/secure.gravatar.com\/avatar\/bd4438e09f373ea26a3252ed6d25b05f?s=96&d=mm&r=g","contentUrl":"https:\/\/secure.gravatar.com\/avatar\/bd4438e09f373ea26a3252ed6d25b05f?s=96&d=mm&r=g","caption":"Guillermo Agull\u00f3 Beltr\u00e1n"},"url":"https:\/\/frv.com\/de\/author\/guillermo-agullofrv-com\/"}]}},"search_content":"<p><\/p>\n<ul>\n<li>FRV verf\u00fcgt \u00fcber mehr als 15 Jahre Erfahrung im Bau und Betrieb von Anlagen zur Nutzung erneuerbarer Energien auf der ganzen Welt.<\/li>\n<li>FRV \u00f6ffnet in M\u00fcnchen seine erste deutsche Niederlassung<\/li>\n<\/ul>\n<p>M\u00fcnchen, 25.01.23<\/p>\n<p>Fotowatio Renewable Ventures (FRV) gibt mit dem heutigen Tag seinen Markteintritt in Deutschland bekannt. Das Unternehmen, das sich auf die Entwicklung von Solarparks und Gro\u00dfbatterien spezialisiert hat, wird seine Dienstleistungen ab sofort auch in Deutschland anbieten und plant in den n\u00e4chsten vier Jahren einen Ausbau von 2GW in PV-Projekten, Batterie-Energiespeichersystemen (BESS) und anderer Anlagen f\u00fcr erneuerbare Energien.<\/p>\n                <div class=\"sh-quote\">\n                    <div class=\"sh-quote-content\">\n                        Wir freuen uns sehr, unsere internationale Erfahrung und unser Know-how nun auch im dynamischen deutschen Markt anbieten zu k\u00f6nnen. Deutschland ist einer der wichtigsten M\u00e4rkte f\u00fcr erneuerbare Energien und wir sind davon \u00fcberzeugt, dass unser Angebot von Organisationen und Unternehmen, etwa im landwirtschaftlichen Bereich, stark nachgefragt wird.                    <\/div>\n                                            <div class=\"sh-quote-name\">\n                            Andreas Pfeiffer                        <\/div>\n                                                                <div class=\"sh-quote-position\">\n                            Gesch\u00e4ftsf\u00fchrer FRV Deutschland                         <\/div>\n                                    <\/div>\n            \n<p>&nbsp;<\/p>\n<p>FRV bietet umfassende Solarenergiel\u00f6sungen, einschlie\u00dflich Planung, Bau und Betrieb von Solarparks, Dachanlagen und Gro\u00dfbatterien zur Energiespeicherung. Durch die Nutzung neuester Technologien bietet FRV seinen Kunden hochwertige, zuverl\u00e4ssige und kosteng\u00fcnstige L\u00f6sungen in den Bereichen Photovoltaik und Energiespeicherung.<\/p>\n                <div class=\"sh-quote\">\n                    <div class=\"sh-quote-content\">\n                        Mit der Aufnahme unserer Gesch\u00e4fte in Deutschland wollen wir einen Beitrag zur Energiewende leisten und innerhalb der n\u00e4chsten vier Jahre 2GW f\u00fcr 790.000 Haushalte bereitstellen, was eine Reduzierung der CO2-Emissionen um 948.000 Tonnen pro Jahr bedeutet                    <\/div>\n                                            <div class=\"sh-quote-name\">\n                            Trist\u00e1n Higuero                        <\/div>\n                                                                <div class=\"sh-quote-position\">\n                            Gesch\u00e4ftsentwicklung FRV                        <\/div>\n                                    <\/div>\n            \n<p>&nbsp;<\/p>\n<p>Anfang Dezember 2022 wurde zus\u00e4tzlich der Hauptsitz FRV Deutschlands in M\u00fcnchen er\u00f6ffnet. Von dort aus wird das operative Gesch\u00e4ft gesteuert und die \u00d6ffnung von weiteren Regionalstandorten vorangetrieben. Die zuk\u00fcnftigen Projekte FRV Deutschlands werden einen substanziellen Beitrag zur Energiesicherung des Landes leisten. Daf\u00fcr nutzt FRV nicht nur sein Know-how im Aufbau und Management von gro\u00dffl\u00e4chigen Solaranlagen, sondern auch seine Expertise f\u00fcr innovative Batteriel\u00f6sungen, die bei Energie\u00fcberschuss die dezentral produzierte Energie speichern k\u00f6nnen. Mit seinem umfassenden Angebot positioniert sich FRV als langj\u00e4hriger und vertrauensvoller Partner f\u00fcr Kunden in Deutschland.<\/p>\n","search_term":"Deutschland","_links":{"self":[{"href":"https:\/\/frv.com\/de\/wp-json\/wp\/v2\/posts\/17369","targetHints":{"allow":["GET"]}}],"collection":[{"href":"https:\/\/frv.com\/de\/wp-json\/wp\/v2\/posts"}],"about":[{"href":"https:\/\/frv.com\/de\/wp-json\/wp\/v2\/types\/post"}],"author":[{"embeddable":true,"href":"https:\/\/frv.com\/de\/wp-json\/wp\/v2\/users\/9"}],"replies":[{"embeddable":true,"href":"https:\/\/frv.com\/de\/wp-json\/wp\/v2\/comments?post=17369"}],"version-history":[{"count":3,"href":"https:\/\/frv.com\/de\/wp-json\/wp\/v2\/posts\/17369\/revisions"}],"predecessor-version":[{"id":17375,"href":"https:\/\/frv.com\/de\/wp-json\/wp\/v2\/posts\/17369\/revisions\/17375"}],"wp:featuredmedia":[{"embeddable":true,"href":"https:\/\/frv.com\/de\/wp-json\/wp\/v2\/media\/17370"}],"wp:attachment":[{"href":"https:\/\/frv.com\/de\/wp-json\/wp\/v2\/media?parent=17369"}],"wp:term":[{"taxonomy":"category","embeddable":true,"href":"https:\/\/frv.com\/de\/wp-json\/wp\/v2\/categories?post=17369"},{"taxonomy":"post_tag","embeddable":true,"href":"https:\/\/frv.com\/de\/wp-json\/wp\/v2\/tags?post=17369"}],"curies":[{"name":"wp","href":"https:\/\/api.w.org\/{rel}","templated":true}]}}